{"id":556,"date":"2016-10-21T13:08:49","date_gmt":"2016-10-21T13:08:49","guid":{"rendered":"https:\/\/tipografia.com.uy\/?p=556"},"modified":"2025-10-19T11:11:38","modified_gmt":"2025-10-19T11:11:38","slug":"la-otra-estrella-del-sur","status":"publish","type":"post","link":"https:\/\/tipografia.com.uy\/index.php\/2016\/10\/21\/la-otra-estrella-del-sur\/","title":{"rendered":"La otra Estrella del Sur"},"content":{"rendered":"[vc_row type=\u00bbin_container\u00bb full_screen_row_position=\u00bbmiddle\u00bb column_margin=\u00bbdefault\u00bb column_direction=\u00bbdefault\u00bb column_direction_tablet=\u00bbdefault\u00bb column_direction_phone=\u00bbdefault\u00bb scene_position=\u00bbcenter\u00bb text_color=\u00bbdark\u00bb text_align=\u00bbleft\u00bb row_border_radius=\u00bbnone\u00bb row_border_radius_applies=\u00bbbg\u00bb overflow=\u00bbvisible\u00bb overlay_strength=\u00bb0.3&#8243; gradient_direction=\u00bbleft_to_right\u00bb shape_divider_position=\u00bbbottom\u00bb bg_image_animation=\u00bbnone\u00bb][vc_column column_padding=\u00bbno-extra-padding\u00bb column_padding_tablet=\u00bbinherit\u00bb column_padding_phone=\u00bbinherit\u00bb column_padding_position=\u00bball\u00bb column_element_direction_desktop=\u00bbdefault\u00bb column_element_spacing=\u00bbdefault\u00bb desktop_text_alignment=\u00bbdefault\u00bb tablet_text_alignment=\u00bbdefault\u00bb phone_text_alignment=\u00bbdefault\u00bb background_color_opacity=\u00bb1&#8243; background_hover_color_opacity=\u00bb1&#8243; column_backdrop_filter=\u00bbnone\u00bb column_shadow=\u00bbnone\u00bb column_border_radius=\u00bbnone\u00bb column_link_target=\u00bb_self\u00bb column_position=\u00bbdefault\u00bb gradient_direction=\u00bbleft_to_right\u00bb overlay_strength=\u00bb0.3&#8243; width=\u00bb1\/1&#8243; tablet_width_inherit=\u00bbdefault\u00bb animation_type=\u00bbdefault\u00bb bg_image_animation=\u00bbnone\u00bb border_type=\u00bbsimple\u00bb column_border_width=\u00bbnone\u00bb column_border_style=\u00bbsolid\u00bb][vc_column_text css=\u00bb\u00bb text_direction=\u00bbdefault\u00bb]\n<h2>Exposici\u00f3n<\/h2>\n<p><img loading=\"lazy\" decoding=\"async\" class=\"alignnone size-full wp-image-50\" src=\"https:\/\/tipografia.com.uy\/wp-content\/uploads\/2025\/05\/icono-calendario.png\" alt=\"\" width=\"69\" height=\"75\" \/><br \/>\n2016<\/p>\n<p><img loading=\"lazy\" decoding=\"async\" class=\"alignnone size-full wp-image-51\" src=\"https:\/\/tipografia.com.uy\/wp-content\/uploads\/2025\/05\/icono-ubicacion.png\" alt=\"\" width=\"57\" height=\"70\" \/><br \/>\nMuseo de Artes Decorativas<br \/>\n<em>25 de Mayo 376, Montevideo<\/em>[\/vc_column_text][vc_column_text css=\u00bb\u00bb text_direction=\u00bbdefault\u00bb]\n<span class=\"meta-author\">\n  <span>By<\/span> <a href=\"https:\/\/tipografia.com.uy\/index.php\/author\/vicente\/\" title=\"Entradas de Vicente\" rel=\"author\">Vicente<\/a><\/span><span class=\"meta-category\"><a href=\"https:\/\/tipografia.com.uy\/index.php\/category\/3-tipografos\/fernando-diaz\/\">Fernando D\u00edaz<\/a> <a href=\"https:\/\/tipografia.com.uy\/index.php\/category\/3-tipografos\/gabriel-benderski\/\">Gabriel Benderski<\/a> <a href=\"https:\/\/tipografia.com.uy\/index.php\/category\/3-tipografos\/vicente-lamonaca\/\">Vicente Lam\u00f3naca<\/a> <a href=\"https:\/\/tipografia.com.uy\/index.php\/category\/__estado\/enuruguay\/\">En Uruguay<\/a> <a href=\"https:\/\/tipografia.com.uy\/index.php\/category\/instituciones\/stm\/\">STM<\/a> <a href=\"https:\/\/tipografia.com.uy\/index.php\/category\/6-actividades\/\">Actividades<\/a> <\/span>[\/vc_column_text][nectar_btn size=\u00bbsmall\u00bb button_style=\u00bbregular\u00bb button_color_2=\u00bbExtra-Color-1&#8243; icon_family=\u00bbnone\u00bb el_class=\u00bbboton-gris\u00bb text=\u00bbSTM\u00bb url=\u00bbhttps:\/\/tipografia.com.uy\/index.php\/2025\/06\/25\/sociedad-tipografica-de-montevideo\/\u00bb][\/vc_column][\/vc_row][vc_row type=\u00bbin_container\u00bb full_screen_row_position=\u00bbmiddle\u00bb column_margin=\u00bbdefault\u00bb column_direction=\u00bbdefault\u00bb column_direction_tablet=\u00bbdefault\u00bb column_direction_phone=\u00bbdefault\u00bb scene_position=\u00bbcenter\u00bb text_color=\u00bbdark\u00bb text_align=\u00bbleft\u00bb row_border_radius=\u00bbnone\u00bb row_border_radius_applies=\u00bbbg\u00bb overflow=\u00bbvisible\u00bb class=\u00bbbanner-info\u00bb overlay_strength=\u00bb0.3&#8243; gradient_direction=\u00bbleft_to_right\u00bb shape_divider_position=\u00bbbottom\u00bb bg_image_animation=\u00bbnone\u00bb gradient_type=\u00bbdefault\u00bb shape_type=\u00bb\u00bb][vc_column column_padding=\u00bbno-extra-padding\u00bb column_padding_tablet=\u00bbinherit\u00bb column_padding_phone=\u00bbinherit\u00bb column_padding_position=\u00bball\u00bb column_element_direction_desktop=\u00bbdefault\u00bb column_element_spacing=\u00bbdefault\u00bb desktop_text_alignment=\u00bbdefault\u00bb tablet_text_alignment=\u00bbdefault\u00bb phone_text_alignment=\u00bbdefault\u00bb background_color_opacity=\u00bb1&#8243; background_hover_color_opacity=\u00bb1&#8243; column_backdrop_filter=\u00bbnone\u00bb column_shadow=\u00bbnone\u00bb column_border_radius=\u00bbnone\u00bb column_link_target=\u00bb_self\u00bb column_position=\u00bbdefault\u00bb gradient_direction=\u00bbleft_to_right\u00bb overlay_strength=\u00bb0.3&#8243; width=\u00bb1\/1&#8243; tablet_width_inherit=\u00bbdefault\u00bb animation_type=\u00bbdefault\u00bb bg_image_animation=\u00bbnone\u00bb border_type=\u00bbsimple\u00bb column_border_width=\u00bbnone\u00bb column_border_style=\u00bbsolid\u00bb][vc_column_text css=\u00bb\u00bb text_direction=\u00bbdefault\u00bb el_class=\u00bbmas-info\u00bb]Si bien los contenidos expositivos fueron los mismos que se presentaron bajo la denominaci\u00f3n <em>Edward Johnston, Letras con Vida <\/em>bajo la \u00f3rbita de las salas estatales se present\u00f3 bajo <em>La otra Estrella del Sur.<\/em><\/p>\n<p>El Museo de Artes Decorativas-Palacio Taranco expone la muestra <em>La otra Estrella del Sur,<\/em> dedicada a la figura de Edward Johnston con motivo del centenario de la <em>Johnston Underground,<\/em> tipograf\u00eda desarrollada para el subte londinense y aun en uso hoy en d\u00eda.<\/p>\n<p><strong>Johnston <\/strong>naci\u00f3 en San Jos\u00e9, Uruguay, en 1872, y es una de las figuras m\u00e1s importantes de la tipograf\u00eda del siglo XX. En su trabajo logr\u00f3 combinar el respeto por la hist\u00f3rica con una profunda vocaci\u00f3n de modernidad, algo que se percibe en toda su obra. El Museo de Artes Decorativas-Palacio Taranco exhibir\u00e1 muestras de su trabajo, parte de su bibliograf\u00eda y una producci\u00f3n audiovisual.<\/p>\n<hr \/>\n<p>Se puede acceder al <a href=\"https:\/\/anaforas.fic.edu.uy\/jspui\/handle\/123456789\/26286\" target=\"_blank\" rel=\"noopener\">folleto impreso<\/a><\/p>\n<hr \/>\n<p>La misma exposici\u00f3n se present\u00f3 en otras salas del pa\u00eds:<br \/>\n2022: Museo Mazzoni, Maldonado[\/vc_column_text][\/vc_column][\/vc_row]\n","protected":false},"excerpt":{"rendered":"<p>[vc_row type=\u00bbin_container\u00bb full_screen_row_position=\u00bbmiddle\u00bb column_margin=\u00bbdefault\u00bb column_direction=\u00bbdefault\u00bb column_direction_tablet=\u00bbdefault\u00bb column_direction_phone=\u00bbdefault\u00bb scene_position=\u00bbcenter\u00bb text_color=\u00bbdark\u00bb text_align=\u00bbleft\u00bb row_border_radius=\u00bbnone\u00bb row_border_radius_applies=\u00bbbg\u00bb overflow=\u00bbvisible\u00bb overlay_strength=\u00bb0.3&#8243; gradient_direction=\u00bbleft_to_right\u00bb shape_divider_position=\u00bbbottom\u00bb bg_image_animation=\u00bbnone\u00bb][vc_column column_padding=\u00bbno-extra-padding\u00bb column_padding_tablet=\u00bbinherit\u00bb column_padding_phone=\u00bbinherit\u00bb column_padding_position=\u00bball\u00bb column_element_direction_desktop=\u00bbdefault\u00bb column_element_spacing=\u00bbdefault\u00bb desktop_text_alignment=\u00bbdefault\u00bb tablet_text_alignment=\u00bbdefault\u00bb phone_text_alignment=\u00bbdefault\u00bb background_color_opacity=\u00bb1&#8243; background_hover_color_opacity=\u00bb1&#8243; column_backdrop_filter=\u00bbnone\u00bb column_shadow=\u00bbnone\u00bb&#8230;<\/p>\n","protected":false},"author":2,"featured_media":943,"comment_status":"closed","ping_status":"closed","sticky":false,"template":"single-custom-generico-sin-relacionados.php","format":"standard","meta":{"footnotes":""},"categories":[34,117,45,91,90,3],"tags":[],"class_list":{"0":"post-556","1":"post","2":"type-post","3":"status-publish","4":"format-standard","5":"has-post-thumbnail","7":"category-6-actividades","8":"category-enuruguay","9":"category-fernando-diaz","10":"category-gabriel-benderski","11":"category-stm","12":"category-vicente-lamonaca"},"_links":{"self":[{"href":"https:\/\/tipografia.com.uy\/index.php\/wp-json\/wp\/v2\/posts\/556","targetHints":{"allow":["GET"]}}],"collection":[{"href":"https:\/\/tipografia.com.uy\/index.php\/wp-json\/wp\/v2\/posts"}],"about":[{"href":"https:\/\/tipografia.com.uy\/index.php\/wp-json\/wp\/v2\/types\/post"}],"author":[{"embeddable":true,"href":"https:\/\/tipografia.com.uy\/index.php\/wp-json\/wp\/v2\/users\/2"}],"replies":[{"embeddable":true,"href":"https:\/\/tipografia.com.uy\/index.php\/wp-json\/wp\/v2\/comments?post=556"}],"version-history":[{"count":12,"href":"https:\/\/tipografia.com.uy\/index.php\/wp-json\/wp\/v2\/posts\/556\/revisions"}],"predecessor-version":[{"id":1479,"href":"https:\/\/tipografia.com.uy\/index.php\/wp-json\/wp\/v2\/posts\/556\/revisions\/1479"}],"wp:featuredmedia":[{"embeddable":true,"href":"https:\/\/tipografia.com.uy\/index.php\/wp-json\/wp\/v2\/media\/943"}],"wp:attachment":[{"href":"https:\/\/tipografia.com.uy\/index.php\/wp-json\/wp\/v2\/media?parent=556"}],"wp:term":[{"taxonomy":"category","embeddable":true,"href":"https:\/\/tipografia.com.uy\/index.php\/wp-json\/wp\/v2\/categories?post=556"},{"taxonomy":"post_tag","embeddable":true,"href":"https:\/\/tipografia.com.uy\/index.php\/wp-json\/wp\/v2\/tags?post=556"}],"curies":[{"name":"wp","href":"https:\/\/api.w.org\/{rel}","templated":true}]}}